{"id":4761,"date":"2025-06-29T08:10:41","date_gmt":"2025-06-29T08:10:41","guid":{"rendered":"https:\/\/joseluiscaballero.es\/?p=4761"},"modified":"2026-03-14T08:30:48","modified_gmt":"2026-03-14T08:30:48","slug":"barcelona-mi-ciudad","status":"publish","type":"post","link":"https:\/\/joseluiscaballero.es\/?p=4761","title":{"rendered":"Barcelona, mi barrio"},"content":{"rendered":"\t\t<div data-elementor-type=\"wp-post\" data-elementor-id=\"4761\" class=\"elementor elementor-4761\" data-elementor-post-type=\"post\">\n\t\t\t\t\t\t<section class=\"elementor-section elementor-top-section elementor-element elementor-element-34fcfe2 elementor-section-boxed elementor-section-height-default elementor-section-height-default\" data-id=\"34fcfe2\" data-element_type=\"section\" data-e-type=\"section\">\n\t\t\t\t\t\t<div class=\"elementor-container elementor-column-gap-default\">\n\t\t\t\t\t<div class=\"elementor-column elementor-col-100 elementor-top-column elementor-element elementor-element-c5e96cf\" data-id=\"c5e96cf\" data-element_type=\"column\" data-e-type=\"column\">\n\t\t\t<div class=\"elementor-widget-wrap elementor-element-populated\">\n\t\t\t\t\t\t<div class=\"elementor-element elementor-element-e565242 elementor-widget elementor-widget-text-editor\" data-id=\"e565242\" data-element_type=\"widget\" data-e-type=\"widget\" data-widget_type=\"text-editor.default\">\n\t\t\t\t<div class=\"elementor-widget-container\">\n\t\t\t\t\t\t\t\t\t<p><span style=\"font-size: 30px;\">Colegio Academia San Mart\u00edn<\/span><\/p>\n<p><img fetchpriority=\"high\" decoding=\"async\" class=\"size-medium wp-image-4775 alignleft\" src=\"https:\/\/joseluiscaballero.es\/wp-content\/uploads\/2025\/06\/Imagen-1-300x202.jpg\" alt=\"\" width=\"300\" height=\"202\" srcset=\"https:\/\/joseluiscaballero.es\/wp-content\/uploads\/2025\/06\/Imagen-1-300x202.jpg 300w, https:\/\/joseluiscaballero.es\/wp-content\/uploads\/2025\/06\/Imagen-1.jpg 439w\" sizes=\"(max-width: 300px) 100vw, 300px\" \/>En el n\u00famero 307 de la calle de la Independencia, en la esquina de la calle Mallorca, existi\u00f3 hasta finales de los a\u00f1os ochenta el Colegio Academia San Mart\u00edn, un centro escolar fundado en el curso de 1923\u201324 por la familia Rovira, profesionales de la educaci\u00f3n.<\/p>\n<p>Ocupaba el centro dos edificios, el mencionado en Independencia y otro auxiliar en la cercana calle de Xifr\u00e8 del barrio del Clot. Este edificio, el de Independencia, hab\u00eda sido en origen una casa almac\u00e9n de Luis Planagum\u00e0, proyectado en 1910 por el arquitecto modernista Manuel J. Raspall.<\/p>\n<p>El edificio, del estilo modernista vien\u00e9s ten\u00eda como caracter\u00edstica m\u00e1s remarcable el segundo piso coronado por una ventana en arco dividida en tres columnas y un medall\u00f3n. Toda una obra de arte.<\/p>\n<p>El edificio era muy t\u00edpico del arquitecto Raspall semejante a otros existentes y conservados en La Garriga. En alg\u00fan momento estuvo catalogada en los edificios destacados del Ayuntamiento de Barcelona pero por alguna raz\u00f3n (capitalista evidentemente) fue vendido y derribado sin ning\u00fan problema convirtiendo el solar en una vulgar edificio de viviendas.<\/p>\n<p>A finales de los a\u00f1os cincuenta y en los sesenta tuve el honor de escolarizarme en ese centro donde form\u00e9 parte del grupo \u201cliterario\u2013anarquista\u201d Eidos con la publicaci\u00f3n de una revista clandestina y la formaci\u00f3n a cargo de dos profesores\/as magn\u00edficos, Mar\u00eda Victoria Secall y Oleguer Sanabra.<\/p>\n<p>El derribo del edificio fue una de los actos m\u00e1s deleznables de la alcald\u00eda de Serra o de Maragall.<\/p>\t\t\t\t\t\t\t\t<\/div>\n\t\t\t\t<\/div>\n\t\t\t\t\t<\/div>\n\t\t<\/div>\n\t\t\t\t\t<\/div>\n\t\t<\/section>\n\t\t\t\t<section class=\"elementor-section elementor-top-section elementor-element elementor-element-2f27151 elementor-section-boxed elementor-section-height-default elementor-section-height-default\" data-id=\"2f27151\" data-element_type=\"section\" data-e-type=\"section\">\n\t\t\t\t\t\t<div class=\"elementor-container elementor-column-gap-default\">\n\t\t\t\t\t<div class=\"elementor-column elementor-col-100 elementor-top-column elementor-element elementor-element-f811649\" data-id=\"f811649\" data-element_type=\"column\" data-e-type=\"column\">\n\t\t\t<div class=\"elementor-widget-wrap elementor-element-populated\">\n\t\t\t\t\t\t<div class=\"elementor-element elementor-element-94afe4b elementor-widget elementor-widget-text-editor\" data-id=\"94afe4b\" data-element_type=\"widget\" data-e-type=\"widget\" data-widget_type=\"text-editor.default\">\n\t\t\t\t<div class=\"elementor-widget-container\">\n\t\t\t\t\t\t\t\t\t<h2><span style=\"font-size: 30px;\">El Grapo Luna<\/span><\/h2>\n<p><img decoding=\"async\" class=\"size-medium wp-image-4769 alignleft\" src=\"https:\/\/joseluiscaballero.es\/wp-content\/uploads\/2025\/06\/balmon-grapo-cordoba-k4m-620x349@abc-300x169.webp\" alt=\"\" width=\"300\" height=\"169\" srcset=\"https:\/\/joseluiscaballero.es\/wp-content\/uploads\/2025\/06\/balmon-grapo-cordoba-k4m-620x349@abc-300x169.webp 300w, https:\/\/joseluiscaballero.es\/wp-content\/uploads\/2025\/06\/balmon-grapo-cordoba-k4m-620x349@abc.webp 620w\" sizes=\"(max-width: 300px) 100vw, 300px\" \/>La confluencia de las calles Cartagena y Valencia no parecen tener nada extraordinario, salvo la peque\u00f1a diferencia de que a la calle Valencia llega un pasaje, por nombre Vilaret, que tiene la virtud de atravesar en diagonal dos manzanas de casas, desde la calle Provenza hasta Valencia. En el chafl\u00e1n justo al lado, el formado por la calle Cartagena, subsiste todav\u00eda una peque\u00f1a tienda, hoy de comestibles, que fue hasta hace poco una granja, de las m\u00e1s antiguas del barrio, donde se exped\u00eda leche \u2013incluso lleg\u00f3 a tener un corral con una vaca- pan y diversos tipos de pasteles. Frente a esa granja, cuando se acercaba por la calle Cartagena, fue abatido a tiros el domingo d\u00eda 5 de diciembre de 1982 poco antes de las nueve de la ma\u00f1ana, el miembro de los GRAPO,\u00a0 (Grupos de Resistencia Antifascista Primero de Octubre), Juan Mart\u00edn Luna, responsable de propaganda de la organizaci\u00f3n y huido de la prisi\u00f3n de Zamora tres a\u00f1os antes. Los tres polic\u00edas que dispararon sobre \u00e9l \u2013siete balazos casi todos mortales- fueron juzgados posteriormente y condenados por homicidio con la eximente parcial de cumplimiento del deber, lo que les supuso seis meses de c\u00e1rcel, pero qued\u00f3 la constancia judicial de que Mart\u00edn Luna, condenado en 1977 por el asesinato de Florencio Herguedas, capit\u00e1n del Ej\u00e9rcito, no hab\u00eda mostrado intenci\u00f3n de usar la pistola que portaba.<\/p>\t\t\t\t\t\t\t\t<\/div>\n\t\t\t\t<\/div>\n\t\t\t\t\t<\/div>\n\t\t<\/div>\n\t\t\t\t\t<\/div>\n\t\t<\/section>\n\t\t\t\t<section class=\"elementor-section elementor-top-section elementor-element elementor-element-7ab3fa2 elementor-section-boxed elementor-section-height-default elementor-section-height-default\" data-id=\"7ab3fa2\" data-element_type=\"section\" data-e-type=\"section\">\n\t\t\t\t\t\t<div class=\"elementor-container elementor-column-gap-default\">\n\t\t\t\t\t<div class=\"elementor-column elementor-col-100 elementor-top-column elementor-element elementor-element-37a5c8f\" data-id=\"37a5c8f\" data-element_type=\"column\" data-e-type=\"column\">\n\t\t\t<div class=\"elementor-widget-wrap elementor-element-populated\">\n\t\t\t\t\t\t<div class=\"elementor-element elementor-element-25fd0ccf elementor-widget elementor-widget-text-editor\" data-id=\"25fd0ccf\" data-element_type=\"widget\" data-e-type=\"widget\" data-widget_type=\"text-editor.default\">\n\t\t\t\t<div class=\"elementor-widget-container\">\n\t\t\t\t\t\t\t\t\t\n<h2 class=\"wp-block-heading\"><span style=\"font-size: 30px;\">Marinos israel\u00edes<\/span><\/h2>\n\n<p><img decoding=\"async\" class=\"size-full wp-image-4764 alignleft\" src=\"https:\/\/joseluiscaballero.es\/wp-content\/uploads\/2025\/06\/download.jpg\" alt=\"\" width=\"205\" height=\"191\" \/>Uno de los hechos m\u00e1s misteriosos acaecidos en Barcelona desde la Guerra Civil sucedi\u00f3 precisamente en la calle de Valencia, en el n\u00famero 474 que se encuentra casi en el cruce con la calle Lepanto. En un piso de ese bloque aparecieron asesinados el d\u00eda 5 de octubre de 1985 dos marineros israel\u00edes, el calderero Joseph Abu Yaacob, de 32 a\u00f1os, y el marinero Joseph Abu Zion, de 36, ambos tripulantes del mercante Zim California, atracado en el puerto de Barcelona y cuya desaparici\u00f3n hab\u00eda sido denunciada varios d\u00edas antes. El hecho se convirti\u00f3 inmediatamente en un conflicto internacional pues una llamada a un medio de comunicaci\u00f3n reivindic\u00f3 el crimen en nombre de Fuerza 17, un grupo de agentes de \u00e9lite perteneciente a la Organizaci\u00f3n para la Liberaci\u00f3n de Palestina, OLP. Los dirigentes de la OLP desmintieron inmediatamente la autor\u00eda afirmando que la OLP no actuaba nunca fuera de los territorios palestinos ni ten\u00eda por costumbre hacer llamadas reivindicativas, y el Gobierno israel\u00ed acus\u00f3 a la direcci\u00f3n de la OLP de orquestar el crimen. La polic\u00eda espa\u00f1ola identific\u00f3 a uno de los presuntos asesinos, un palestino de nacionalidad jordana, fichado por la Interpol, y que estaba realquilado en la vivienda donde se cometi\u00f3 el crimen. El titular del alquiler, que realquil\u00f3 una habitaci\u00f3n al sospechoso, era un jordano nacionalizado espa\u00f1ol llamado Osama Ezzaher al Masri. En el piso donde se cometi\u00f3 el crimen se encontr\u00f3 un pasaporte jordano, falso, con la foto del presunto asesino y un nombre que era el mismo que hab\u00eda dado en el contrato de subarrendamiento. Entre desmentidos e investigaciones, empez\u00f3 a trascender la hip\u00f3tesis de que los dos marineros eran agentes del Mossad, los servicios secretos de Israel, que cayeron en una trampa tendida por su asesino, pero la investigaci\u00f3n se fue diluyendo hasta desaparecer de los medios de comunicaci\u00f3n.<\/p>\n\t\t\t\t\t\t\t\t<\/div>\n\t\t\t\t<\/div>\n\t\t\t\t\t<\/div>\n\t\t<\/div>\n\t\t\t\t\t<\/div>\n\t\t<\/section>\n\t\t\t\t<\/div>\n\t\t","protected":false},"excerpt":{"rendered":"<p>Colegio Academia San Mart\u00edn En el n\u00famero 307 de la calle de la Independencia, en la esquina de la calle Mallorca, existi\u00f3 hasta finales de los a\u00f1os ochenta el Colegio [&hellip;]<\/p>\n","protected":false},"author":1,"featured_media":0,"comment_status":"open","ping_status":"open","sticky":false,"template":"","format":"standard","meta":{"footnotes":""},"categories":[1],"tags":[],"class_list":["post-4761","post","type-post","status-publish","format-standard","hentry","category-uncategorized"],"_links":{"self":[{"href":"https:\/\/joseluiscaballero.es\/index.php?rest_route=\/wp\/v2\/posts\/4761","targetHints":{"allow":["GET"]}}],"collection":[{"href":"https:\/\/joseluiscaballero.es\/index.php?rest_route=\/wp\/v2\/posts"}],"about":[{"href":"https:\/\/joseluiscaballero.es\/index.php?rest_route=\/wp\/v2\/types\/post"}],"author":[{"embeddable":true,"href":"https:\/\/joseluiscaballero.es\/index.php?rest_route=\/wp\/v2\/users\/1"}],"replies":[{"embeddable":true,"href":"https:\/\/joseluiscaballero.es\/index.php?rest_route=%2Fwp%2Fv2%2Fcomments&post=4761"}],"version-history":[{"count":13,"href":"https:\/\/joseluiscaballero.es\/index.php?rest_route=\/wp\/v2\/posts\/4761\/revisions"}],"predecessor-version":[{"id":5703,"href":"https:\/\/joseluiscaballero.es\/index.php?rest_route=\/wp\/v2\/posts\/4761\/revisions\/5703"}],"wp:attachment":[{"href":"https:\/\/joseluiscaballero.es\/index.php?rest_route=%2Fwp%2Fv2%2Fmedia&parent=4761"}],"wp:term":[{"taxonomy":"category","embeddable":true,"href":"https:\/\/joseluiscaballero.es\/index.php?rest_route=%2Fwp%2Fv2%2Fcategories&post=4761"},{"taxonomy":"post_tag","embeddable":true,"href":"https:\/\/joseluiscaballero.es\/index.php?rest_route=%2Fwp%2Fv2%2Ftags&post=4761"}],"curies":[{"name":"wp","href":"https:\/\/api.w.org\/{rel}","templated":true}]}}