{"id":4820,"date":"2025-08-12T19:25:37","date_gmt":"2025-08-12T19:25:37","guid":{"rendered":"https:\/\/joseluiscaballero.es\/?p=4820"},"modified":"2025-08-12T19:30:51","modified_gmt":"2025-08-12T19:30:51","slug":"operacion-concordia","status":"publish","type":"post","link":"https:\/\/joseluiscaballero.es\/?p=4820","title":{"rendered":"Operaci\u00f3n concordia"},"content":{"rendered":"\t\t<div data-elementor-type=\"wp-post\" data-elementor-id=\"4820\" class=\"elementor elementor-4820\" data-elementor-post-type=\"post\">\n\t\t\t\t\t\t<section class=\"elementor-section elementor-top-section elementor-element elementor-element-6e5ac564 elementor-section-boxed elementor-section-height-default elementor-section-height-default\" data-id=\"6e5ac564\" data-element_type=\"section\" data-e-type=\"section\">\n\t\t\t\t\t\t<div class=\"elementor-container elementor-column-gap-default\">\n\t\t\t\t\t<div class=\"elementor-column elementor-col-100 elementor-top-column elementor-element elementor-element-693fb5f1\" data-id=\"693fb5f1\" data-element_type=\"column\" data-e-type=\"column\">\n\t\t\t<div class=\"elementor-widget-wrap elementor-element-populated\">\n\t\t\t\t\t\t<div class=\"elementor-element elementor-element-b789d00 elementor-widget elementor-widget-text-editor\" data-id=\"b789d00\" data-element_type=\"widget\" data-e-type=\"widget\" data-widget_type=\"text-editor.default\">\n\t\t\t\t<div class=\"elementor-widget-container\">\n\t\t\t\t\t\t\t\t\t\n<p><img fetchpriority=\"high\" decoding=\"async\" class=\"size-medium wp-image-4822 alignleft\" src=\"https:\/\/joseluiscaballero.es\/wp-content\/uploads\/2025\/08\/captura-de-pantalla-2021-10-05-a-las-10-05-43-300x226.png\" alt=\"\" width=\"300\" height=\"226\" srcset=\"https:\/\/joseluiscaballero.es\/wp-content\/uploads\/2025\/08\/captura-de-pantalla-2021-10-05-a-las-10-05-43-300x226.png 300w, https:\/\/joseluiscaballero.es\/wp-content\/uploads\/2025\/08\/captura-de-pantalla-2021-10-05-a-las-10-05-43-1024x770.png 1024w, https:\/\/joseluiscaballero.es\/wp-content\/uploads\/2025\/08\/captura-de-pantalla-2021-10-05-a-las-10-05-43-768x578.png 768w, https:\/\/joseluiscaballero.es\/wp-content\/uploads\/2025\/08\/captura-de-pantalla-2021-10-05-a-las-10-05-43.png 1292w\" sizes=\"(max-width: 300px) 100vw, 300px\" \/>Hacia 1995 \u00f3 1996, en el \u00faltimo mandato de Felipe Gonz\u00e1lez, tuvo lugar una reuni\u00f3n que podr\u00edamos calificar de informal en el lugar conocido como \u201cla bodeguilla\u201d en el palacio La Moncloa. A esa reuni\u00f3n, que se sepa, asistieron el presidente Gonz\u00e1lez, convocante, el vicepresidente Narc\u00eds Serra, el jefe de la oposici\u00f3n en aquel momento Jos\u00e9 Mar\u00eda Aznar, un alto funcionario del CESID (no su jefe Emilio Alonso Manglano) y otro personaje del que desconozco el nombre pero que deb\u00eda ser un personaje destacado aunque resulta dif\u00edcil saber qu\u00e9 representaba all\u00ed. En aquella reuni\u00f3n, el presidente Gonz\u00e1lez plante\u00f3 a los presentes una cuesti\u00f3n que le parec\u00eda de capital importancia y que, hasta el momento, no hab\u00eda compartido con nadie. Expuso Felipe Gonz\u00e1lez la realidad de una situaci\u00f3n que consideraba insostenible y que venia marcada por el T\u00edtulo Octavo de la Constituci\u00f3n, es decir, la organizaci\u00f3n del Estado con diecisiete comunidades aut\u00f3nomas, diecisiete gobiernos y diecisiete parlamentos, lo que a su juicio hac\u00eda el pa\u00eds poco menos que ingobernable. En ese punto se hac\u00eda necesario, expuso, la modificaci\u00f3n de la Constituci\u00f3n reordenando el pa\u00eds considerando las nacionalidades tradicionales, Euskadi, Catalu\u00f1a y Galicia y el resto en una sola unidad, lo que derivar\u00eda en un estado federal con solo cuatro gobiernos aut\u00f3nomos.\u00a0<\/p>\n\n<p>Llegados a este punto, intervino el vicepresidente Narc\u00eds Serra quien expuso que el modo de abordar aquella cuesti\u00f3n se presentaba dif\u00edcil y se hac\u00eda necesario implementar un plan que pasar\u00eda porque una o varias de las comunidades aut\u00f3nomas hist\u00f3ricas exhibieran un peligroso decantamiento hacia la ruptura del Estado, es decir, la independencia, que hiciera reaccionar a todas las fueras pol\u00edticas y f\u00e1cticas, aceptar la reforma constitucional. En esa l\u00ednea, Serra descart\u00f3 a Euskadi por razones evidentes, la violencia de ETA, a Galicia por la escasa implantaci\u00f3n de su nacionalismo y a otras entidades como Canarias o las plazas africanas donde no exist\u00eda movimiento separatista sensato. Quedaba pues la opci\u00f3n de Catalu\u00f1a, donde pod\u00eda existir un sustrato no violento pero manipulable para llevar a Espa\u00f1a a una situaci\u00f3n tensa en la que se pudiera cumplir la idea de un apoyo general a la reforma de la Constituci\u00f3n. La informaci\u00f3n sobre la reuni\u00f3n no es exhaustiva pero s\u00ed existen datos de que Jos\u00e9 Mar\u00eda Aznar plante\u00f3 su acuerdo con algunas acotaciones y el personaje desconocido de la reuni\u00f3n apoy\u00f3 totalmente el plan pero advirti\u00f3 que no era f\u00e1cil ponerlo en marcha desde cero y que requer\u00eda organizarlo de una forma muy cuidadosa. Narc\u00eds Serra estuvo de acuerdo en que era dif\u00edcil y no ser\u00eda factible ponerlo en marcha inmediatamente sin un trabajo previo. Entonces sucedi\u00f3 algo, el funcionario del CESID presente, en delegaci\u00f3n del mando del mismo, hizo un inciso para informar de que el CESID contaba con algo que en el argot de la Inteligencia se llama un \u201cactivo\u201d, es decir, una persona bien situada en el esquema pol\u00edtico catal\u00e1n, controlada y en n\u00f3mina del CESID a la que se le pod\u00eda poner al frente de alg\u00fan tipo de actuaci\u00f3n acorde con el plan all\u00ed esbozado.<\/p>\n\n<p>El resto de la reuni\u00f3n fue un intercambio de opiniones en las que especialmente Serra y el funcionario del CESID fueron perfilando algo que finalmente llamaron la Operaci\u00f3n Concordia. El plan, dise\u00f1ado all\u00ed en l\u00edneas generales, se tratar\u00eda de que el \u201cactivo\u201d al servicio del CESID ser\u00eda apoyado y financiado para llegar a la direcci\u00f3n del partido nacionalista m\u00e1s destacado del momento Converg\u00e8ncia Decmocratica de Catalunya. Una vez en el puesto o uno de los puestos m\u00e1s importantes, presionar\u00eda para una deriva hacia el independentismo, creando una corriente de opini\u00f3n p\u00fablica en ese sentido. Una vez puesta en marcha esa actuaci\u00f3n se apartar\u00eda dejando el puesto a personajes o partidos m\u00e1s radicales creando la situaci\u00f3n de tensi\u00f3n que obligar\u00eda, seg\u00fan el plan, a plantear en el Gobierno central y en el Parlamento, la reforma constitucional.\u00a0<\/p>\n\n<p>El presidente Gonz\u00e1lez y Aznar, jefe de la oposici\u00f3n, aprobaron el plan de mutuo acuerdo y el Presidente se encarg\u00f3 de llevar al jefe del CESID las instrucciones necesarias para reconvertir la Operaci\u00f3n Concordia.\u00a0<\/p>\n\n<p>Es sabido que el plan no se puso inmediatamente en marcha, entre otras razones por la profunda transformaci\u00f3n del CESID que se reconvirti\u00f3 en el CNI, el Centro Nacional de Inteligencia y tambi\u00e9n por la sustituci\u00f3n del Gobierno por el nuevo dirigido por Jos\u00e9 Mar\u00eda Aznar. Pero finalmente, el \u201cactivo\u201d al servicio de CESIS\/CNI lleg\u00f3 a la direcci\u00f3n de CDC y puso en marcha lo que se acab\u00f3 conociendo como \u201cel proc\u00e9s\u201d, dej\u00e1ndolo despu\u00e9s en manos de personalidades m\u00e1s radicales ya conocidas.\u00a0La cuesti\u00f3n final es que la Operaci\u00f3n Concordia acab\u00f3 y\u00e9ndose de las manos y tomando derroteros diferentes a los previstos con el resultado conocido.<\/p>\n\n<p>\u00a0<\/p>\n\t\t\t\t\t\t\t\t<\/div>\n\t\t\t\t<\/div>\n\t\t\t\t\t<\/div>\n\t\t<\/div>\n\t\t\t\t\t<\/div>\n\t\t<\/section>\n\t\t\t\t<\/div>\n\t\t","protected":false},"excerpt":{"rendered":"<p>Hacia 1995 \u00f3 1996, en el \u00faltimo mandato de Felipe Gonz\u00e1lez, tuvo lugar una reuni\u00f3n que podr\u00edamos calificar de informal en el lugar conocido como \u201cla bodeguilla\u201d en el palacio [&hellip;]<\/p>\n","protected":false},"author":1,"featured_media":0,"comment_status":"open","ping_status":"open","sticky":false,"template":"","format":"standard","meta":{"footnotes":""},"categories":[1],"tags":[],"class_list":["post-4820","post","type-post","status-publish","format-standard","hentry","category-uncategorized"],"_links":{"self":[{"href":"https:\/\/joseluiscaballero.es\/index.php?rest_route=\/wp\/v2\/posts\/4820","targetHints":{"allow":["GET"]}}],"collection":[{"href":"https:\/\/joseluiscaballero.es\/index.php?rest_route=\/wp\/v2\/posts"}],"about":[{"href":"https:\/\/joseluiscaballero.es\/index.php?rest_route=\/wp\/v2\/types\/post"}],"author":[{"embeddable":true,"href":"https:\/\/joseluiscaballero.es\/index.php?rest_route=\/wp\/v2\/users\/1"}],"replies":[{"embeddable":true,"href":"https:\/\/joseluiscaballero.es\/index.php?rest_route=%2Fwp%2Fv2%2Fcomments&post=4820"}],"version-history":[{"count":7,"href":"https:\/\/joseluiscaballero.es\/index.php?rest_route=\/wp\/v2\/posts\/4820\/revisions"}],"predecessor-version":[{"id":4828,"href":"https:\/\/joseluiscaballero.es\/index.php?rest_route=\/wp\/v2\/posts\/4820\/revisions\/4828"}],"wp:attachment":[{"href":"https:\/\/joseluiscaballero.es\/index.php?rest_route=%2Fwp%2Fv2%2Fmedia&parent=4820"}],"wp:term":[{"taxonomy":"category","embeddable":true,"href":"https:\/\/joseluiscaballero.es\/index.php?rest_route=%2Fwp%2Fv2%2Fcategories&post=4820"},{"taxonomy":"post_tag","embeddable":true,"href":"https:\/\/joseluiscaballero.es\/index.php?rest_route=%2Fwp%2Fv2%2Ftags&post=4820"}],"curies":[{"name":"wp","href":"https:\/\/api.w.org\/{rel}","templated":true}]}}