{"id":5840,"date":"2026-03-14T16:03:13","date_gmt":"2026-03-14T16:03:13","guid":{"rendered":"https:\/\/joseluiscaballero.es\/?p=5840"},"modified":"2026-03-14T16:03:13","modified_gmt":"2026-03-14T16:03:13","slug":"sobre-la-guerra-en-iran","status":"publish","type":"post","link":"https:\/\/joseluiscaballero.es\/?p=5840","title":{"rendered":"Sobre la guerra en Ir\u00e1n"},"content":{"rendered":"<div class=\"wp-block-image\">\n<figure class=\"alignleft size-full is-resized\"><img decoding=\"async\" src=\"https:\/\/joseluiscaballero.es\/wp-content\/uploads\/2026\/03\/17733452268533.jpg\" alt=\"\" class=\"wp-image-5841\" style=\"width:421px;height:auto\"\/><\/figure>\n<\/div>\n\n\n<p>Ante una situaci\u00f3n como la que se da en este momento en Oriente Medio, sucede, como en situaciones semejantes, que aparecen infinidad de \u201cexpertos\u201d que, ante las c\u00e1maras o los micr\u00f3fonos, en las redes sociales o en los anticuados medios escritos dan su opini\u00f3n sobre un asunto que desde luego no tiene nada de sencillo. As\u00ed pues esos expertos o cualquiera de nosotros nos enfrentamos al riesgo de o\u00edr o emitir una opini\u00f3n sin los suficientes conocimientos para lo que se llama \u201csentar c\u00e1tedra\u201d. Hanna Arendt afirma en su libro \u201c\u00bfQu\u00e9 es la pol\u00edtica?\u201d que tenemos el derecho a emitir un prejuicio siempre y cuando tengamos presente que es eso, un prejuicio, no un juicio y que siempre ha de estar abierto a la aceptaci\u00f3n de otras opiniones y al conocimiento posterior de qu\u00e9 estamos hablando. Un prejuicio aceptable es, como dice Arendt, cuando uno lo acompa\u00f1a de \u201dme parece\u201d, \u201cyo dir\u00eda que\u2026\u201d o \u201cseg\u00fan creo\u201d, no como una afirmaci\u00f3n taxativa y dictatorial como si lo tuvi\u00e9ramos absolutamente claro e indiscutible. Si digo que \u201choy va a hacer un buen d\u00eda\u201d, tal vez debo aceptar que a lo mejor estoy equivocado y que mi prejuicio debe esperar hasta la noche para poder ser un juicio sin discusi\u00f3n. Hoy ha sido un buen d\u00eda. Dicho esto, hablemos de la guerra contra Ir\u00e1n. Por lo que yo s\u00e9 estamos ante dos hechos que s\u00ed me parecen evidentes, uno que, desde un punto de vista hist\u00f3rico y geogr\u00e1fico estamos en un terreno en conflicto permanente desde que hay textos hist\u00f3ricos, en piedra, en pergaminos o en cualquier otro soporte. Tierra con muchos recursos, lugar de paso entre dos continentes, el fecundo y transitable mar Mediterr\u00e1neo y el origen de las civilizaciones y religiones m\u00e1s destacadas de lo que se ha dado en llamar el mundo occidental. Todos los pueblos desde los confines de la antigua Persia hasta las costas occidentales de Grecia y m\u00e1s all\u00e1 han sufrido una guerra tras otra desde que hay memoria. S\u00ed, es cierto que en otros puntos del planeta tambi\u00e9n, pero la rese\u00f1a escrita de los conflictos en esta zona nos ha llegado mucho m\u00e1s ampliamente que cualquier otra. Desde el punto de vista hist\u00f3rico es tambi\u00e9n cosa sabida, creo, el estado de guerra permanente entre el antiguo imperio persa por un lado y el occidente griego por el otro, acentuado posteriormente por las tres religiones monote\u00edstas e irreconciliables, jud\u00edos, cristianos y musulmanes, todos del mismo origen y odi\u00e1ndose m\u00e1s que Ca\u00edn y Abel (para entendernos). A todo esto no hay que ser muy listo para saber que el comercio internacional, el gas y el petr\u00f3leo y alguna otra mercanc\u00eda innombrable est\u00e1n en el centro de la discusi\u00f3n, sin establecer grandes diferencias de otros tiempos con algo como la ruta de la seda o el agua del Tigris y el \u00c9ufrates. Las paranoias nacionalistas y las religiosas es cierto que tienen un protagonismo pero si hemos de ser sinceros solo son importantes para una minor\u00eda (o mayor\u00eda) ignorante y que vive en la inopia, pero no para los verdaderos actores del desastre. As\u00ed pues, sin irse m\u00e1s all\u00e1, en 1948 se estableci\u00f3 un nuevo estado en un territorio donde, mira por d\u00f3nde, se acababan de establecer otra media docena de estados tras desmontar un enorme imperio. Al mismo tiempo se empieza a excavar por toda la zona a la b\u00fasqueda del oro negro. Jud\u00edos, compa\u00f1\u00edas petroleras, yihadistas, racistas, franceses, testigos de Jehov\u00e1, brit\u00e1nicos, un Sha, la Uni\u00f3n de Rep\u00fablicas Putinistas Sovi\u00e9ticas, toda una orquesta, una especie de ensalada incomible que no puede acabar bien hasta que los protagonistas se conviertan en seres inteligentes, algo que en la Casa Rosada de Buenos Aires, en Teher\u00e1n, en la Casa Blanca o en el Kremlin parece imposible. Y llegados a ese punto entra en juego mi amigo Loquillo. \u201c\u00bfPara qu\u00e9 discutir si puedes pelear?\u201d.<\/p>\n","protected":false},"excerpt":{"rendered":"<p>Ante una situaci\u00f3n como la que se da en este momento en Oriente Medio, sucede, como en situaciones semejantes, que aparecen infinidad de \u201cexpertos\u201d que, ante las c\u00e1maras o los [&hellip;]<\/p>\n","protected":false},"author":1,"featured_media":0,"comment_status":"open","ping_status":"open","sticky":false,"template":"","format":"standard","meta":{"footnotes":""},"categories":[1],"tags":[],"class_list":["post-5840","post","type-post","status-publish","format-standard","hentry","category-uncategorized"],"_links":{"self":[{"href":"https:\/\/joseluiscaballero.es\/index.php?rest_route=\/wp\/v2\/posts\/5840","targetHints":{"allow":["GET"]}}],"collection":[{"href":"https:\/\/joseluiscaballero.es\/index.php?rest_route=\/wp\/v2\/posts"}],"about":[{"href":"https:\/\/joseluiscaballero.es\/index.php?rest_route=\/wp\/v2\/types\/post"}],"author":[{"embeddable":true,"href":"https:\/\/joseluiscaballero.es\/index.php?rest_route=\/wp\/v2\/users\/1"}],"replies":[{"embeddable":true,"href":"https:\/\/joseluiscaballero.es\/index.php?rest_route=%2Fwp%2Fv2%2Fcomments&post=5840"}],"version-history":[{"count":1,"href":"https:\/\/joseluiscaballero.es\/index.php?rest_route=\/wp\/v2\/posts\/5840\/revisions"}],"predecessor-version":[{"id":5842,"href":"https:\/\/joseluiscaballero.es\/index.php?rest_route=\/wp\/v2\/posts\/5840\/revisions\/5842"}],"wp:attachment":[{"href":"https:\/\/joseluiscaballero.es\/index.php?rest_route=%2Fwp%2Fv2%2Fmedia&parent=5840"}],"wp:term":[{"taxonomy":"category","embeddable":true,"href":"https:\/\/joseluiscaballero.es\/index.php?rest_route=%2Fwp%2Fv2%2Fcategories&post=5840"},{"taxonomy":"post_tag","embeddable":true,"href":"https:\/\/joseluiscaballero.es\/index.php?rest_route=%2Fwp%2Fv2%2Ftags&post=5840"}],"curies":[{"name":"wp","href":"https:\/\/api.w.org\/{rel}","templated":true}]}}